{"id":189,"date":"2012-01-27T23:32:20","date_gmt":"2012-01-27T22:32:20","guid":{"rendered":"http:\/\/c1autogestita.noblogs.org\/?p=189"},"modified":"2012-01-31T23:37:18","modified_gmt":"2012-01-31T22:37:18","slug":"siamo-qui-per-tornare-2","status":"publish","type":"post","link":"https:\/\/c1autogestita.noblogs.org\/?p=189","title":{"rendered":"SIAMO QUI PER TORNARE!"},"content":{"rendered":"<p align=\"JUSTIFY\"><strong>Oggi lasciamo il presidio.\u00a0<\/strong>La rabbia per la mancata apertura dell\u2019aula, nonostante le oltre 1200 firme raccolte, \u00e8 tanta ma non spegne la gioia della lotta. Un altro spazio \u00e8 stato sottratto alla comunit\u00e0 studentesca, e l\u2019intera vicenda ci sembra l\u2019esempio perfetto della malagestione dell\u2019ente. Ne palesa interessi e metodo.<\/p>\n<p align=\"JUSTIFY\"><strong>Lasciamo il presidio, ma siamo pronti a tornare.<\/strong>\u00a0Usciamo a testa alta, sorridenti, con la consapevolezza di aver aperto una discussione ormai necessaria sugli spazi pubblici e la loro gestione. L\u2019aula studio ci sembrava una richiesta ragionevole, ed \u00e8 per questo che ragionevolmente ci siamo mossi con una protesta che non ha prodotto grosse forzature, ma non ha accettato compromessi al ribasso.<strong>Potevamo in sostanza sfondare la porta, ma non l\u2019abbiamo fatto.<\/strong><\/p>\n<p align=\"JUSTIFY\"><strong>Abbiamo pazientemente atteso per una settimana facendo del presidio permanente un luogo di aggregazione dove mettere in pratica forme di partecipazione politica dal basso e una diversa socialit\u00e0.<\/strong>\u00a0La raccolta firme, i banchetti informativi, il \u2018flash mob letterario\u2019, gli aperitivi al presidio, le contestazioni a viso aperto sono stati la nostra costruzione collettiva. Abbiamo sopportato e risposto alle infamie che il Carlino ha diffuso, risposto all\u2019arroganza della dirigenza ERSU con le nostre proposte politiche, abbiamo raccolto il sostegno delle centinaia di persone che sono passate al presidio e, non da ultimo abbiamo ballato, riso, chiacchierato in uno spazio libero!\u00a0<strong>Nessun accordo potr\u00e0 cancellare tutto questo.<\/strong><\/p>\n<p align=\"JUSTIFY\"><strong>Un\u2019aula studio comunque ci sar\u00e0. Frutto di un accordo sottobanco che noi non abbiamo sottoscritto.<\/strong>\u00a0Continuiamo a credere che una mensa non sia adatta ad ospitare un\u2019aula studio per ragioni di ordine igienico-sanitario e perch\u00e9 sottoporr\u00e0 le lavoratrici e i lavoratori ERSU della mensa a un ulteriore carico di lavoro, nonostante il forte ridimensionamento dell\u2019organico. Ma soprattutto, a prescindere dalle questioni di ordine tecnico, rimane il dato, deplorevole, di un altro spazio pubblico sottratto alla comunit\u00e0. Chiusura degli spazi pubblici e riduzione dei servizi dedicati agli studenti vanno di pari passo. Insomma,\u00a0<strong>chi ha firmato quell\u2019accordo non ha fatto altro che appoggiare i dirigenti ERSU e non ha dato alcun contributo alle lotte studentesche su spazi e diritti.<\/strong><\/p>\n<p align=\"JUSTIFY\"><strong>Siamo pronti a tornare, dicevamo. Non si illudano i dirigenti ERSU di aver raggiunto i loro scopi.<\/strong>\u00a0Vigileremo sull\u2019utilizzo dell\u2019aula studio e non permetteremo che il business dei convegni diventi la nuova ed esclusiva attivit\u00e0 imprenditoriale di Sacchi e Fortini. Per noi la priorit\u00e0 rimane il diritto allo studio. Il Cibus non \u00e8 un\u2019aula studio e l\u2019aula studio non \u00e8 una sala convegni!<\/p>\n<p align=\"JUSTIFY\"><strong>Torneremo, occuperemo e libereremo spazi dove lo riterremo necessario. Necessario per denunciare le politiche della classa dirigente, necessario al fine di costruire un\u2019alternativa alla riduzione di spazi e diritti, necessario a interrompere una quotidianit\u00e0 di ingiustizie e a dare corso a una socialit\u00e0 diversa, libera e desiderante.<\/strong><\/p>\n<p align=\"JUSTIFY\"><strong>Insomma non \u00e8 finita, siamo qui per tornare!<\/strong><\/p>\n<p align=\"JUSTIFY\">\n<p align=\"JUSTIFY\"><em>Presidio permanente \u2018Liberiamo l\u2019aula studio\u2019<\/em><\/p>\n<p align=\"JUSTIFY\"><em>Collettivo C1Autogestita<\/em><\/p>\n<p align=\"JUSTIFY\"><em>Collettivo Drude<\/em><\/p>\n<p align=\"JUSTIFY\"><em>Ass. Fuorikorso<\/em><\/p>\n","protected":false},"excerpt":{"rendered":"<p>Oggi lasciamo il presidio.\u00a0La rabbia per la mancata apertura dell\u2019aula, nonostante le oltre 1200 firme raccolte, \u00e8 tanta ma non spegne la gioia della lotta. Un altro spazio \u00e8 stato sottratto alla comunit\u00e0 studentesca, e l\u2019intera vicenda ci sembra l\u2019esempio &hellip; <a href=\"https:\/\/c1autogestita.noblogs.org\/?p=189\">Continua a leggere<span class=\"meta-nav\">&rarr;<\/span><\/a><\/p>\n","protected":false},"author":1908,"featured_media":0,"comment_status":"open","ping_status":"open","sticky":false,"template":"","format":"standard","meta":{"footnotes":""},"categories":[1],"tags":[61,37,30,33,19,35,12,18],"class_list":["post-189","post","type-post","status-publish","format-standard","hentry","category-comunicati","tag-aula-studio","tag-diritti","tag-diritto-allo-studio","tag-ersu","tag-resistenza","tag-spazi","tag-universita","tag-urbino"],"_links":{"self":[{"href":"https:\/\/c1autogestita.noblogs.org\/index.php?rest_route=\/wp\/v2\/posts\/189","targetHints":{"allow":["GET"]}}],"collection":[{"href":"https:\/\/c1autogestita.noblogs.org\/index.php?rest_route=\/wp\/v2\/posts"}],"about":[{"href":"https:\/\/c1autogestita.noblogs.org\/index.php?rest_route=\/wp\/v2\/types\/post"}],"author":[{"embeddable":true,"href":"https:\/\/c1autogestita.noblogs.org\/index.php?rest_route=\/wp\/v2\/users\/1908"}],"replies":[{"embeddable":true,"href":"https:\/\/c1autogestita.noblogs.org\/index.php?rest_route=%2Fwp%2Fv2%2Fcomments&post=189"}],"version-history":[{"count":2,"href":"https:\/\/c1autogestita.noblogs.org\/index.php?rest_route=\/wp\/v2\/posts\/189\/revisions"}],"predecessor-version":[{"id":191,"href":"https:\/\/c1autogestita.noblogs.org\/index.php?rest_route=\/wp\/v2\/posts\/189\/revisions\/191"}],"wp:attachment":[{"href":"https:\/\/c1autogestita.noblogs.org\/index.php?rest_route=%2Fwp%2Fv2%2Fmedia&parent=189"}],"wp:term":[{"taxonomy":"category","embeddable":true,"href":"https:\/\/c1autogestita.noblogs.org\/index.php?rest_route=%2Fwp%2Fv2%2Fcategories&post=189"},{"taxonomy":"post_tag","embeddable":true,"href":"https:\/\/c1autogestita.noblogs.org\/index.php?rest_route=%2Fwp%2Fv2%2Ftags&post=189"}],"curies":[{"name":"wp","href":"https:\/\/api.w.org\/{rel}","templated":true}]}}